[{"@context":"https:\/\/schema.org\/","@type":"Article","@id":"https:\/\/www.iremi.cz\/kdy-zaciname-s-prikrmy\/#Article","mainEntityOfPage":"https:\/\/www.iremi.cz\/kdy-zaciname-s-prikrmy\/","headline":"Kdy za\u010d\u00edn\u00e1me s p\u0159\u00edkrmy","name":"Kdy za\u010d\u00edn\u00e1me s p\u0159\u00edkrmy","description":"A\u0165 u\u017e je miminko kojen\u00e9 \u010di krmen\u00e9 um\u011bl\u00fdm ml\u00e9kem z lahvi\u010dky, nastane den, kdy k ukojen\u00ed hladu a v\u00fd\u017eivov\u00fdch pot\u0159eb, bude pot\u0159eba dodat dal\u0161\u00ed stravu. Lze tento zlom poznat nebo je lep\u0161\u00ed \u0159\u00eddit se radami a nezahajovat p\u0159\u00edkrm d\u0159\u00edv ne\u017e se doporu\u010duje? A co kdy\u017e nastane situace, kdy drobe\u010dek vypad\u00e1, \u017ee mu pouh\u00e9 ml\u00ed\u010dko sta\u010d\u00ed [&hellip;]","datePublished":"2018-08-03","dateModified":"2023-05-24","author":{"@type":"Person","@id":"https:\/\/www.iremi.cz\/author\/#Person","name":"","url":"https:\/\/www.iremi.cz\/author\/","identifier":1,"image":{"@type":"ImageObject","@id":"https:\/\/secure.gravatar.com\/avatar\/f7b3e8bb7f7cc0c6ca940e74a10b952be4c7d81de8a980387c865f88889f02e3?s=96&d=mm&r=g","url":"https:\/\/secure.gravatar.com\/avatar\/f7b3e8bb7f7cc0c6ca940e74a10b952be4c7d81de8a980387c865f88889f02e3?s=96&d=mm&r=g","height":96,"width":96}},"publisher":{"@type":"Organization","name":"iremi.cz","logo":{"@type":"ImageObject","@id":"\/logo.png","url":"\/logo.png","width":600,"height":60}},"image":{"@type":"ImageObject","@id":"https:\/\/www.iremi.cz\/wp-content\/uploads\/img_a322839_w1889_t1534619026.jpg","url":"https:\/\/www.iremi.cz\/wp-content\/uploads\/img_a322839_w1889_t1534619026.jpg","height":0,"width":0},"url":"https:\/\/www.iremi.cz\/kdy-zaciname-s-prikrmy\/","wordCount":603,"articleBody":"A\u0165 u\u017e je miminko kojen\u00e9 \u010di krmen\u00e9 um\u011bl\u00fdm ml\u00e9kem z lahvi\u010dky, nastane den, kdy k ukojen\u00ed hladu a v\u00fd\u017eivov\u00fdch pot\u0159eb, bude pot\u0159eba dodat dal\u0161\u00ed stravu. Lze tento zlom poznat nebo je lep\u0161\u00ed \u0159\u00eddit se radami a nezahajovat p\u0159\u00edkrm d\u0159\u00edv ne\u017e se doporu\u010duje? A co kdy\u017e nastane situace, kdy drobe\u010dek vypad\u00e1, \u017ee mu pouh\u00e9 ml\u00ed\u010dko sta\u010d\u00ed i po \u0161est\u00e9m m\u011bs\u00edci \u017eivota? Na ot\u00e1zku, kdy d\u00e1t prvn\u00ed p\u0159\u00edkrm u pln\u011b kojen\u00e9ho d\u00edt\u011bte, mohou dva r\u016fzn\u00ed pediat\u0159i odpov\u011bd\u011bt rozd\u00edln\u011b. Nejroz\u0161\u00ed\u0159en\u011bj\u0161\u00ed n\u00e1zor je, \u017ee miminko na sunaru je vhodn\u00e9 za\u010d\u00edt p\u0159ikrmovat od ukon\u010den\u00e9ho \u010dtvrt\u00e9ho m\u011bs\u00edce, zato d\u00edt\u011b pln\u011b kojen\u00e9 sta\u010d\u00ed a\u017e od \u0161est\u00e9ho m\u011bs\u00edce. Je t\u0159eba myslet na to, \u017ee se jedn\u00e1 o pouh\u00e9 doporu\u010den\u00e9. Ka\u017ed\u00e9 d\u00edt\u011b je individu\u00e1ln\u00ed a je pot\u0159eba br\u00e1t v \u00favahu v\u00edce faktor\u016f. V prvn\u00ed \u0159ad\u011b je to v\u00e1hov\u00fd p\u0159\u00edr\u016fstek kojence. Dal\u0161\u00ed jsou sp\u00ed\u0161e o intuici maminky. Pokud je d\u00edt\u011b i po nakojen\u00ed pla\u010dtiv\u00e9 a do\u017eaduje se p\u0159\u00eddavku, m\u016f\u017ee to zna\u010dit, \u017ee je \u010das p\u0159idat dal\u0161\u00ed zp\u016fsob ukojen\u00ed hladu. Zv\u00fd\u0161en\u00fd hlad nast\u00e1v\u00e1 v obdob\u00ed tzv. r\u016fstov\u00fd spurt, tehdy nen\u00ed nutn\u00e9 za\u010d\u00edt s p\u0159\u00edkrmy, p\u0159edev\u0161\u00edm u kojen\u00fdch d\u011bt\u00ed, doporu\u010duje se jen \u010dast\u011bji p\u0159ikl\u00e1dat a \u010dekat, a\u017e se uprav\u00ed tvorba mate\u0159sk\u00e9ho ml\u00e9ka. Druh\u00fd, nov\u011bj\u0161\u00ed n\u00e1zor, jen\u017e za\u010d\u00edn\u00e1 uzn\u00e1vat st\u00e1le v\u00edce pediatr\u016f je zah\u00e1jen\u00ed p\u0159\u00edkrmu ji\u017e od ukon\u010den\u00e9ho \u010dtvrt\u00e9ho m\u011bs\u00edce d\u00edt\u011bte bez ohledu na to, zda je d\u00edt\u011b kojen\u00e9 \u010di ne. A pro\u010d ta zm\u011bna? D\u00edt\u011b prod\u011bl\u00e1v\u00e1 ve v\u011bku 4-6 m\u011bs\u00edc\u016f imunitn\u00ed okno na potravinov\u00e9 alergeny. To znamen\u00e1, \u017ee v tomto obdob\u00ed si d\u00edt\u011b na alergeny vyvine toleranci sp\u00ed\u0161 ne\u017e alergii. Proto se doporu\u010duje zah\u00e1jit s p\u0159\u00edkrmy ji\u017e v tomto v\u011bku a pomalu nab\u00eddnout d\u00edt\u011bti co nej\u0161ir\u0161\u00ed okruh potravin. Do stravy by m\u011bl b\u00fdt zahrnut\u00fd nap\u0159\u00edklad i lepek, jahody a dal\u0161\u00ed alergeny. Rozhodn\u011b se p\u0159ed prvn\u00edm p\u0159\u00edkrmem pora\u010fte s pediatrem. Pokud pln\u011b koj\u00edte a d\u00edt\u011bti ml\u00ed\u010dko sta\u010d\u00ed, nen\u00ed pot\u0159eba n\u011bjak tla\u010dit na pilu. Sta\u010d\u00ed nap\u0159\u00edklad 2x denn\u011b na malou l\u017ei\u010dku d\u00edt\u011bti p\u0159ed kojen\u00edm nab\u00eddnout p\u0159\u00edkrm, . Za\u010d\u00edn\u00e1 se v\u011bt\u0161inou bezlepkovou ka\u0161i\u010dkou, pokud je nadbytek mate\u0159sk\u00e9ho ml\u00e9ka, lze koupit i bez um\u011bl\u00e9ho ml\u00e9ka a ka\u0161i\u010dku p\u0159ipravit z odst\u0159\u00edknut\u00e9ho ml\u00e9ka. Postupn\u011b se pokra\u010duje s mrkvov\u00fdm pyr\u00e9, jable\u010dn\u00e9 pyr\u00e9 atd. Nikdy z kraje ned\u00e1vejte alergeny a nekombinujte v\u00edce slo\u017eek stravy b\u011bhem jednoho dne. Pokud mu n\u011bjakou potravinu d\u00e1te poprv\u00e9, nep\u0159id\u00e1vejte nic, co je\u0161t\u011b d\u00edt\u011b nem\u011blo n\u011bkolik dn\u00ed, nap\u0159\u00edklad t\u0159i dny. S kojen\u00edm rozhodn\u011b nen\u00ed nutn\u00e9 kon\u010dit nebo d\u00edt\u011b nutit do jezen\u00ed p\u0159\u00edkrmu, sta\u010d\u00ed, kdy\u017e d\u00edt\u011b p\u0159ijde do kontaktu s potravinami i v minim\u00e1ln\u00edm mno\u017estv\u00ed. Rovn\u011b\u017e si jeho tr\u00e1ven\u00ed zvykne i na n\u011bco jin\u00e9ho, ne\u017e jen ml\u00e9ko a pozd\u011bji p\u0159echod na p\u0159ev\u00e1\u017en\u011b pevnou stravu bude snaz\u0161\u00ed.                                                                                                                                                                                                                                                                                                                                                                                        4\/5 - (9 votes)        "},{"@context":"https:\/\/schema.org\/","@type":"BreadcrumbList","itemListElement":[{"@type":"ListItem","position":1,"name":"Kdy za\u010d\u00edn\u00e1me s p\u0159\u00edkrmy","item":"https:\/\/www.iremi.cz\/kdy-zaciname-s-prikrmy\/#breadcrumbitem"}]}]