[{"@context":"https:\/\/schema.org\/","@type":"Article","@id":"https:\/\/www.iremi.cz\/mobilni-drevene-domy-se-zahradou-pro-celorocni-pobyt\/#Article","mainEntityOfPage":"https:\/\/www.iremi.cz\/mobilni-drevene-domy-se-zahradou-pro-celorocni-pobyt\/","headline":"Mobiln\u00ed d\u0159ev\u011bn\u00e9 domy se zahradou pro celoro\u010dn\u00ed pobyt","name":"Mobiln\u00ed d\u0159ev\u011bn\u00e9 domy se zahradou pro celoro\u010dn\u00ed pobyt","description":"Bydlen\u00ed v mobiln\u00edch domech se st\u00e1v\u00e1 zaj\u00edmav\u00fdm trendem z r\u016fzn\u00fdch d\u016fvod\u016f. Mohou to b\u00fdt p\u0159\u00edli\u0161 vysok\u00e9 ceny nemovitost\u00ed a byt\u016f, ale tak\u00e9 zm\u011bna \u017eivotn\u00edho stylu a prost\u0159ed\u00ed. N\u011bkdo u\u017e m\u00e1 zkr\u00e1tka \u017eivota ve m\u011bst\u011b dost a chce \u017e\u00edt n\u011bkde jinde, v klidn\u011bj\u0161\u00edm prost\u0159ed\u00ed. U\u017eijte si svou zahradu za domem M\u00edt mobiln\u00ed d\u016fm, to neznamen\u00e1 \u017e\u00edt [&hellip;]","datePublished":"2022-05-06","dateModified":"2023-05-24","author":{"@type":"Person","@id":"https:\/\/www.iremi.cz\/author\/#Person","name":"","url":"https:\/\/www.iremi.cz\/author\/","identifier":1,"image":{"@type":"ImageObject","@id":"https:\/\/secure.gravatar.com\/avatar\/f7b3e8bb7f7cc0c6ca940e74a10b952be4c7d81de8a980387c865f88889f02e3?s=96&d=mm&r=g","url":"https:\/\/secure.gravatar.com\/avatar\/f7b3e8bb7f7cc0c6ca940e74a10b952be4c7d81de8a980387c865f88889f02e3?s=96&d=mm&r=g","height":96,"width":96}},"publisher":{"@type":"Organization","name":"iremi.cz","logo":{"@type":"ImageObject","@id":"\/logo.png","url":"\/logo.png","width":600,"height":60}},"image":{"@type":"ImageObject","@id":"https:\/\/www.iremi.cz\/wp-content\/uploads\/roses-3436439_640.jpg","url":"https:\/\/www.iremi.cz\/wp-content\/uploads\/roses-3436439_640.jpg","height":0,"width":0},"url":"https:\/\/www.iremi.cz\/mobilni-drevene-domy-se-zahradou-pro-celorocni-pobyt\/","about":["D\u016fm a byt"],"wordCount":411,"articleBody":"    Bydlen\u00ed v mobiln\u00edch domech se st\u00e1v\u00e1 zaj\u00edmav\u00fdm trendem z r\u016fzn\u00fdch d\u016fvod\u016f. Mohou to b\u00fdt p\u0159\u00edli\u0161 vysok\u00e9 ceny nemovitost\u00ed a byt\u016f, ale tak\u00e9 zm\u011bna \u017eivotn\u00edho stylu a prost\u0159ed\u00ed. N\u011bkdo u\u017e m\u00e1 zkr\u00e1tka \u017eivota ve m\u011bst\u011b dost a chce \u017e\u00edt n\u011bkde jinde, v klidn\u011bj\u0161\u00edm prost\u0159ed\u00ed. U\u017eijte si svou zahradu za domem  M\u00edt mobiln\u00ed d\u016fm, to neznamen\u00e1 \u017e\u00edt pouze v uzav\u0159en\u00e9m prostoru \u201ed\u0159ev\u011bn\u00e9 krabice\u201c. I kdy\u017e je to uvnit\u0159 dostate\u010dn\u011b komfortn\u00ed, a za de\u0161tiv\u00e9ho \u010di mraziv\u00e9ho po\u010das\u00ed v\u00e1s to zrovna ven net\u00e1hne, za p\u0159\u00edjemn\u00e9ho po\u010das\u00ed to bude venku p\u0159ece jen zaj\u00edmav\u011bj\u0161\u00ed.  Lid\u00e9, kte\u0159\u00ed si zpravidla po\u0159izuj\u00ed tyto objekty, o\u010dek\u00e1vaj\u00ed, \u017ee budou od jara do podzimu pob\u00edhat venku. Bu\u010f sportovat, nebo relaxovat, anebo pracovat na zahrad\u011b. S mobiln\u00edmi d\u0159ev\u011bn\u00fdmi domy je to snaz\u0161\u00ed, proto\u017ee sta\u010d\u00ed vyj\u00edt na z\u00e1pra\u017e\u00ed, na terasu, v\u0161e se odehr\u00e1v\u00e1 v p\u0159\u00edzem\u00ed, nemus\u00edte zdol\u00e1vat dlouh\u00e1 schodi\u0161t\u011b a v\u0161e hlavn\u011b prob\u00edh\u00e1 velmi operativn\u011b a rychle. M\u016f\u017eete si tak velmi snadno odn\u00e9st uva\u0159en\u00fd ob\u011bd ven pod pergolu a pochutnat si na n\u011bm pr\u00e1v\u011b zde. Stejn\u011b tak lze pozvat va\u0161e p\u0159\u00e1tele na k\u00e1vu pr\u00e1v\u011b pod ko\u0161at\u00fd strom, k baz\u00e9nu, pod zast\u0159e\u0161enou terasu nebo pod st\u0159echu alt\u00e1nu, p\u0159\u00edpadn\u011b nave\u010der k posezen\u00ed u ohni\u0161t\u011b.  Zahrady u mobiln\u00edch dom\u016f b\u00fdvaj\u00ed p\u0159irozenou sou\u010d\u00e1st\u00ed cel\u00e9 obytn\u00e9 koncepce, po\u010d\u00edt\u00e1 se s nimi, a proto nebude neobvykl\u00e9, pokud se rozhodnete vystav\u011bt takov\u00fd p\u0159\u00edbytek v rekrea\u010dn\u00ed z\u00f3n\u011b mezi d\u0159ev\u011bn\u00fdmi chatami, na pokraji lesa, v bl\u00edzkosti n\u011bjak\u00e9 \u0159eky. \u010c\u00edm romanti\u010dt\u011bj\u0161\u00ed bude v\u00e1\u0161 pozemek, t\u00edm atraktivn\u011bj\u0161\u00ed bydlen\u00ed tu za\u017eijete i uvnit\u0159 mobiln\u00ed d\u0159evostavby. Doporu\u010dit bychom v\u00e1m mohli nap\u0159. lokality na b\u0159ez\u00edch Lu\u017enice, Berounky a S\u00e1zavy, kde je mnoho kr\u00e1sn\u00fdch m\u00edst nejen pro tr\u00e1ven\u00ed voln\u00fdch v\u00edkend\u016f, ale i pro celoro\u010dn\u00ed pobyt. Pokud tu budete m\u00edt p\u0159ipojen\u00ed k Internetu, lze odtud objedn\u00e1vat a nakupovat zbo\u017e\u00ed, kter\u00e9 v\u00e1m p\u0159ivezou a\u017e dom\u016f, a to mnohdy i v\u010detn\u011b n\u011bkter\u00fdch potravin.                                                                                                                                                                                                                                                                                                                                                                                          4.7\/5 - (6 votes)        "},{"@context":"https:\/\/schema.org\/","@type":"BreadcrumbList","itemListElement":[{"@type":"ListItem","position":1,"name":"Mobiln\u00ed d\u0159ev\u011bn\u00e9 domy se zahradou pro celoro\u010dn\u00ed pobyt","item":"https:\/\/www.iremi.cz\/mobilni-drevene-domy-se-zahradou-pro-celorocni-pobyt\/#breadcrumbitem"}]}]