[{"@context":"https:\/\/schema.org\/","@type":"Blog","@id":"https:\/\/www.iremi.cz#Blog","headline":"Iremi","description":"\nKdy\u017e je \u010dlov\u011bku t\u011b\u017eko na du\u0161i, pot\u0159ebuje p\u0159inejmen\u0161\u00edm n\u011bjak\u00e9 to vl\u00eddn\u00e9 sl\u016fvko. A na na\u0161em webu se mu vl\u00eddn\u00fdch sl\u016fvek dostane v m\u00ed\u0159e v\u00edc ne\u017e hojn\u00e9.","url":"https:\/\/www.iremi.cz","hasPart":[{"@type":"Article","@id":"https:\/\/www.iremi.cz\/kdyz-schazeji-penize\/","headline":"Kdy\u017e sch\u00e1zej\u00ed pen\u00edze","url":"https:\/\/www.iremi.cz\/kdyz-schazeji-penize\/","datePublished":"2020-08-14","dateModified":"2023-05-24","mainEntityOfPage":"https:\/\/www.iremi.cz\/kdyz-schazeji-penize\/","author":{"@type":"Person","@id":"https:\/\/www.iremi.cz\/author\/#Person","name":"","url":"https:\/\/www.iremi.cz\/author\/","identifier":1,"image":{"@type":"ImageObject","@id":"https:\/\/secure.gravatar.com\/avatar\/f7b3e8bb7f7cc0c6ca940e74a10b952be4c7d81de8a980387c865f88889f02e3?s=96&d=mm&r=g","url":"https:\/\/secure.gravatar.com\/avatar\/f7b3e8bb7f7cc0c6ca940e74a10b952be4c7d81de8a980387c865f88889f02e3?s=96&d=mm&r=g","height":96,"width":96}},"publisher":{"@type":"Organization","name":"iremi.cz","logo":{"@type":"ImageObject","@id":"\/logo.png","url":"\/logo.png","width":600,"height":60}},"image":{"@type":"ImageObject","@id":"https:\/\/www.iremi.cz\/wp-content\/uploads\/eura%20v%20pen%C4%9B%C5%BEence_2.jpg","url":"https:\/\/www.iremi.cz\/wp-content\/uploads\/eura%20v%20pen%C4%9B%C5%BEence_2.jpg","height":0,"width":0},"wordCount":902,"keywords":null},{"@type":"Article","@id":"https:\/\/www.iremi.cz\/vsadte-na-jistotu-zvolte-si-pro-dovolenou-bulharsko\/","headline":"Vsa\u010fte na jistotu, zvolte si pro dovolenou Bulharsko","url":"https:\/\/www.iremi.cz\/vsadte-na-jistotu-zvolte-si-pro-dovolenou-bulharsko\/","datePublished":"2020-08-14","dateModified":"2023-10-10","mainEntityOfPage":"https:\/\/www.iremi.cz\/vsadte-na-jistotu-zvolte-si-pro-dovolenou-bulharsko\/","author":{"@type":"Person","@id":"https:\/\/www.iremi.cz\/author\/#Person","name":"","url":"https:\/\/www.iremi.cz\/author\/","identifier":1,"image":{"@type":"ImageObject","@id":"https:\/\/secure.gravatar.com\/avatar\/f7b3e8bb7f7cc0c6ca940e74a10b952be4c7d81de8a980387c865f88889f02e3?s=96&d=mm&r=g","url":"https:\/\/secure.gravatar.com\/avatar\/f7b3e8bb7f7cc0c6ca940e74a10b952be4c7d81de8a980387c865f88889f02e3?s=96&d=mm&r=g","height":96,"width":96}},"publisher":{"@type":"Organization","name":"iremi.cz","logo":{"@type":"ImageObject","@id":"\/logo.png","url":"\/logo.png","width":600,"height":60}},"image":{"@type":"ImageObject","@id":"https:\/\/www.iremi.cz\/wp-content\/uploads\/burgas-.jpg","url":"https:\/\/www.iremi.cz\/wp-content\/uploads\/burgas-.jpg","height":0,"width":0},"wordCount":514,"keywords":null},{"@type":"Article","@id":"https:\/\/www.iremi.cz\/idealni-reklama-kterou-potrebujete\/","headline":"Ide\u00e1ln\u00ed reklama, kterou pot\u0159ebujete","url":"https:\/\/www.iremi.cz\/idealni-reklama-kterou-potrebujete\/","datePublished":"2020-08-10","dateModified":"2020-08-10","mainEntityOfPage":"https:\/\/www.iremi.cz\/idealni-reklama-kterou-potrebujete\/","author":{"@type":"Person","@id":"https:\/\/www.iremi.cz\/author\/#Person","name":"","url":"https:\/\/www.iremi.cz\/author\/","identifier":1,"image":{"@type":"ImageObject","@id":"https:\/\/secure.gravatar.com\/avatar\/f7b3e8bb7f7cc0c6ca940e74a10b952be4c7d81de8a980387c865f88889f02e3?s=96&d=mm&r=g","url":"https:\/\/secure.gravatar.com\/avatar\/f7b3e8bb7f7cc0c6ca940e74a10b952be4c7d81de8a980387c865f88889f02e3?s=96&d=mm&r=g","height":96,"width":96}},"publisher":{"@type":"Organization","name":"iremi.cz","logo":{"@type":"ImageObject","@id":"\/logo.png","url":"\/logo.png","width":600,"height":60}},"image":{"@type":"ImageObject","@id":"https:\/\/www.iremi.cz\/wp-content\/uploads\/red-t-shirt-1710578_960_720.jpg","url":"https:\/\/www.iremi.cz\/wp-content\/uploads\/red-t-shirt-1710578_960_720.jpg","height":0,"width":0},"wordCount":549,"keywords":null},{"@type":"Article","@id":"https:\/\/www.iremi.cz\/oziveni-partnerstvi\/","headline":"O\u017eiven\u00ed partnerstv\u00ed","url":"https:\/\/www.iremi.cz\/oziveni-partnerstvi\/","datePublished":"2020-07-14","dateModified":"2023-09-18","mainEntityOfPage":"https:\/\/www.iremi.cz\/oziveni-partnerstvi\/","author":{"@type":"Person","@id":"https:\/\/www.iremi.cz\/author\/#Person","name":"","url":"https:\/\/www.iremi.cz\/author\/","identifier":1,"image":{"@type":"ImageObject","@id":"https:\/\/secure.gravatar.com\/avatar\/f7b3e8bb7f7cc0c6ca940e74a10b952be4c7d81de8a980387c865f88889f02e3?s=96&d=mm&r=g","url":"https:\/\/secure.gravatar.com\/avatar\/f7b3e8bb7f7cc0c6ca940e74a10b952be4c7d81de8a980387c865f88889f02e3?s=96&d=mm&r=g","height":96,"width":96}},"publisher":{"@type":"Organization","name":"iremi.cz","logo":{"@type":"ImageObject","@id":"\/logo.png","url":"\/logo.png","width":600,"height":60}},"image":{"@type":"ImageObject","@id":"https:\/\/www.iremi.cz\/wp-content\/uploads\/d%C3%ADvka%20v%20posteli_1.jpg","url":"https:\/\/www.iremi.cz\/wp-content\/uploads\/d%C3%ADvka%20v%20posteli_1.jpg","height":0,"width":0},"wordCount":650,"keywords":null},{"@type":"Article","@id":"https:\/\/www.iremi.cz\/bydleni-v-drevostavbe\/","headline":"Bydlen\u00ed v d\u0159evostavb\u011b","url":"https:\/\/www.iremi.cz\/bydleni-v-drevostavbe\/","datePublished":"2020-07-13","dateModified":"2020-07-13","mainEntityOfPage":"https:\/\/www.iremi.cz\/bydleni-v-drevostavbe\/","author":{"@type":"Person","@id":"https:\/\/www.iremi.cz\/author\/#Person","name":"","url":"https:\/\/www.iremi.cz\/author\/","identifier":1,"image":{"@type":"ImageObject","@id":"https:\/\/secure.gravatar.com\/avatar\/f7b3e8bb7f7cc0c6ca940e74a10b952be4c7d81de8a980387c865f88889f02e3?s=96&d=mm&r=g","url":"https:\/\/secure.gravatar.com\/avatar\/f7b3e8bb7f7cc0c6ca940e74a10b952be4c7d81de8a980387c865f88889f02e3?s=96&d=mm&r=g","height":96,"width":96}},"publisher":{"@type":"Organization","name":"iremi.cz","logo":{"@type":"ImageObject","@id":"\/logo.png","url":"\/logo.png","width":600,"height":60}},"image":{"@type":"ImageObject","@id":"https:\/\/www.iremi.cz\/wp-content\/uploads\/nat%C5%99en%C3%A9%20desky.jpg","url":"https:\/\/www.iremi.cz\/wp-content\/uploads\/nat%C5%99en%C3%A9%20desky.jpg","height":0,"width":0},"wordCount":674,"keywords":null},{"@type":"Article","@id":"https:\/\/www.iremi.cz\/misto-konani-oslavy\/","headline":"M\u00edsto kon\u00e1n\u00ed oslavy","url":"https:\/\/www.iremi.cz\/misto-konani-oslavy\/","datePublished":"2020-06-21","dateModified":"2024-04-10","mainEntityOfPage":"https:\/\/www.iremi.cz\/misto-konani-oslavy\/","author":{"@type":"Person","@id":"https:\/\/www.iremi.cz\/author\/#Person","name":"","url":"https:\/\/www.iremi.cz\/author\/","identifier":1,"image":{"@type":"ImageObject","@id":"https:\/\/secure.gravatar.com\/avatar\/f7b3e8bb7f7cc0c6ca940e74a10b952be4c7d81de8a980387c865f88889f02e3?s=96&d=mm&r=g","url":"https:\/\/secure.gravatar.com\/avatar\/f7b3e8bb7f7cc0c6ca940e74a10b952be4c7d81de8a980387c865f88889f02e3?s=96&d=mm&r=g","height":96,"width":96}},"publisher":{"@type":"Organization","name":"iremi.cz","logo":{"@type":"ImageObject","@id":"\/logo.png","url":"\/logo.png","width":600,"height":60}},"image":{"@type":"ImageObject","@id":"https:\/\/www.iremi.cz\/wp-content\/uploads\/oslava%20s%20p%C5%99%C3%A1teli.jpg","url":"https:\/\/www.iremi.cz\/wp-content\/uploads\/oslava%20s%20p%C5%99%C3%A1teli.jpg","height":0,"width":0},"wordCount":667,"keywords":null},{"@type":"Article","@id":"https:\/\/www.iremi.cz\/jak-byt-fit\/","headline":"Jak b\u00fdt fit?","url":"https:\/\/www.iremi.cz\/jak-byt-fit\/","datePublished":"2020-05-18","dateModified":"2023-05-24","mainEntityOfPage":"https:\/\/www.iremi.cz\/jak-byt-fit\/","author":{"@type":"Person","@id":"https:\/\/www.iremi.cz\/author\/#Person","name":"","url":"https:\/\/www.iremi.cz\/author\/","identifier":1,"image":{"@type":"ImageObject","@id":"https:\/\/secure.gravatar.com\/avatar\/f7b3e8bb7f7cc0c6ca940e74a10b952be4c7d81de8a980387c865f88889f02e3?s=96&d=mm&r=g","url":"https:\/\/secure.gravatar.com\/avatar\/f7b3e8bb7f7cc0c6ca940e74a10b952be4c7d81de8a980387c865f88889f02e3?s=96&d=mm&r=g","height":96,"width":96}},"publisher":{"@type":"Organization","name":"iremi.cz","logo":{"@type":"ImageObject","@id":"\/logo.png","url":"\/logo.png","width":600,"height":60}},"image":{"@type":"ImageObject","@id":"https:\/\/www.iremi.cz\/wp-content\/uploads\/art381248_3x2_20260816_145633_b2ApYS.jpg","url":"https:\/\/www.iremi.cz\/wp-content\/uploads\/art381248_3x2_20260816_145633_b2ApYS.jpg","height":0,"width":0},"wordCount":581,"keywords":null},{"@type":"Article","@id":"https:\/\/www.iremi.cz\/kdy-do-banky-mirite-zbytecne\/","headline":"Kdy do banky m\u00ed\u0159\u00edte zbyte\u010dn\u011b?","url":"https:\/\/www.iremi.cz\/kdy-do-banky-mirite-zbytecne\/","datePublished":"2020-05-17","dateModified":"2023-05-24","mainEntityOfPage":"https:\/\/www.iremi.cz\/kdy-do-banky-mirite-zbytecne\/","author":{"@type":"Person","@id":"https:\/\/www.iremi.cz\/author\/#Person","name":"","url":"https:\/\/www.iremi.cz\/author\/","identifier":1,"image":{"@type":"ImageObject","@id":"https:\/\/secure.gravatar.com\/avatar\/f7b3e8bb7f7cc0c6ca940e74a10b952be4c7d81de8a980387c865f88889f02e3?s=96&d=mm&r=g","url":"https:\/\/secure.gravatar.com\/avatar\/f7b3e8bb7f7cc0c6ca940e74a10b952be4c7d81de8a980387c865f88889f02e3?s=96&d=mm&r=g","height":96,"width":96}},"publisher":{"@type":"Organization","name":"iremi.cz","logo":{"@type":"ImageObject","@id":"\/logo.png","url":"\/logo.png","width":600,"height":60}},"image":{"@type":"ImageObject","@id":"https:\/\/www.iremi.cz\/wp-content\/uploads\/art381211_3x2_20260819_072803_AwWXIm.jpg","url":"https:\/\/www.iremi.cz\/wp-content\/uploads\/art381211_3x2_20260819_072803_AwWXIm.jpg","height":0,"width":0},"wordCount":608,"keywords":null},{"@type":"Article","@id":"https:\/\/www.iremi.cz\/kde-se-provadi-oprava-bazenovych-cerpadel\/","headline":"Kde se prov\u00e1d\u00ed oprava baz\u00e9nov\u00fdch \u010derpadel","url":"https:\/\/www.iremi.cz\/kde-se-provadi-oprava-bazenovych-cerpadel\/","datePublished":"2020-05-09","dateModified":"2023-05-24","mainEntityOfPage":"https:\/\/www.iremi.cz\/kde-se-provadi-oprava-bazenovych-cerpadel\/","author":{"@type":"Person","@id":"https:\/\/www.iremi.cz\/author\/#Person","name":"","url":"https:\/\/www.iremi.cz\/author\/","identifier":1,"image":{"@type":"ImageObject","@id":"https:\/\/secure.gravatar.com\/avatar\/f7b3e8bb7f7cc0c6ca940e74a10b952be4c7d81de8a980387c865f88889f02e3?s=96&d=mm&r=g","url":"https:\/\/secure.gravatar.com\/avatar\/f7b3e8bb7f7cc0c6ca940e74a10b952be4c7d81de8a980387c865f88889f02e3?s=96&d=mm&r=g","height":96,"width":96}},"publisher":{"@type":"Organization","name":"iremi.cz","logo":{"@type":"ImageObject","@id":"\/logo.png","url":"\/logo.png","width":600,"height":60}},"image":{"@type":"ImageObject","@id":"https:\/\/www.iremi.cz\/wp-content\/uploads\/art380115_1x1_20260821_030003_BP9Jpo.jpg","url":"https:\/\/www.iremi.cz\/wp-content\/uploads\/art380115_1x1_20260821_030003_BP9Jpo.jpg","height":0,"width":0},"wordCount":573,"keywords":null},{"@type":"Article","@id":"https:\/\/www.iremi.cz\/role-odbornika-pri-zarizovani-domova\/","headline":"Role odborn\u00edka p\u0159i za\u0159izov\u00e1n\u00ed domova","url":"https:\/\/www.iremi.cz\/role-odbornika-pri-zarizovani-domova\/","datePublished":"2020-05-09","dateModified":"2023-05-24","mainEntityOfPage":"https:\/\/www.iremi.cz\/role-odbornika-pri-zarizovani-domova\/","author":{"@type":"Person","@id":"https:\/\/www.iremi.cz\/author\/#Person","name":"","url":"https:\/\/www.iremi.cz\/author\/","identifier":1,"image":{"@type":"ImageObject","@id":"https:\/\/secure.gravatar.com\/avatar\/f7b3e8bb7f7cc0c6ca940e74a10b952be4c7d81de8a980387c865f88889f02e3?s=96&d=mm&r=g","url":"https:\/\/secure.gravatar.com\/avatar\/f7b3e8bb7f7cc0c6ca940e74a10b952be4c7d81de8a980387c865f88889f02e3?s=96&d=mm&r=g","height":96,"width":96}},"publisher":{"@type":"Organization","name":"iremi.cz","logo":{"@type":"ImageObject","@id":"\/logo.png","url":"\/logo.png","width":600,"height":60}},"image":{"@type":"ImageObject","@id":"https:\/\/www.iremi.cz\/wp-content\/uploads\/art380072_3x2_20260821_052853_C6fUn1.jpg","url":"https:\/\/www.iremi.cz\/wp-content\/uploads\/art380072_3x2_20260821_052853_C6fUn1.jpg","height":0,"width":0},"wordCount":577,"keywords":null}]},{"@context":"https:\/\/schema.org","@type":"WebSite","@id":"https:\/\/www.iremi.cz\/#website","name":"Iremi","url":"https:\/\/www.iremi.cz","potentialAction":{"@type":"SearchAction","target":"https:\/\/www.iremi.cz\/?s={search_term_string}","query-input":"required name=search_term_string"}}]