[{"@context":"https:\/\/schema.org\/","@type":"Blog","@id":"https:\/\/www.iremi.cz#Blog","headline":"Iremi","description":"\nKdy\u017e je \u010dlov\u011bku t\u011b\u017eko na du\u0161i, pot\u0159ebuje p\u0159inejmen\u0161\u00edm n\u011bjak\u00e9 to vl\u00eddn\u00e9 sl\u016fvko. A na na\u0161em webu se mu vl\u00eddn\u00fdch sl\u016fvek dostane v m\u00ed\u0159e v\u00edc ne\u017e hojn\u00e9.","url":"https:\/\/www.iremi.cz","hasPart":[{"@type":"Article","@id":"https:\/\/www.iremi.cz\/zbavte-se-strachu-pri-nakupu-noveho-automobilu\/","headline":"Zbavte se strachu p\u0159i n\u00e1kupu nov\u00e9ho automobilu","url":"https:\/\/www.iremi.cz\/zbavte-se-strachu-pri-nakupu-noveho-automobilu\/","datePublished":"2024-04-06","dateModified":"2024-04-06","mainEntityOfPage":"https:\/\/www.iremi.cz\/zbavte-se-strachu-pri-nakupu-noveho-automobilu\/","author":{"@type":"Person","@id":"https:\/\/www.iremi.cz\/author\/#Person","name":"","url":"https:\/\/www.iremi.cz\/author\/","identifier":1,"image":{"@type":"ImageObject","@id":"https:\/\/secure.gravatar.com\/avatar\/f7b3e8bb7f7cc0c6ca940e74a10b952be4c7d81de8a980387c865f88889f02e3?s=96&d=mm&r=g","url":"https:\/\/secure.gravatar.com\/avatar\/f7b3e8bb7f7cc0c6ca940e74a10b952be4c7d81de8a980387c865f88889f02e3?s=96&d=mm&r=g","height":96,"width":96}},"publisher":{"@type":"Organization","name":"iremi.cz","logo":{"@type":"ImageObject","@id":"\/logo.png","url":"\/logo.png","width":600,"height":60}},"image":null,"wordCount":277,"keywords":null},{"@type":"Article","@id":"https:\/\/www.iremi.cz\/moderni-a-nadcasovy-nabytek-od-firmy-nabytek-max\/","headline":"Modern\u00ed a nad\u010dasov\u00fd n\u00e1bytek od firmy n\u00e1bytek Max","url":"https:\/\/www.iremi.cz\/moderni-a-nadcasovy-nabytek-od-firmy-nabytek-max\/","datePublished":"2024-03-31","dateModified":"2024-03-31","mainEntityOfPage":"https:\/\/www.iremi.cz\/moderni-a-nadcasovy-nabytek-od-firmy-nabytek-max\/","author":{"@type":"Person","@id":"https:\/\/www.iremi.cz\/author\/#Person","name":"","url":"https:\/\/www.iremi.cz\/author\/","identifier":1,"image":{"@type":"ImageObject","@id":"https:\/\/secure.gravatar.com\/avatar\/f7b3e8bb7f7cc0c6ca940e74a10b952be4c7d81de8a980387c865f88889f02e3?s=96&d=mm&r=g","url":"https:\/\/secure.gravatar.com\/avatar\/f7b3e8bb7f7cc0c6ca940e74a10b952be4c7d81de8a980387c865f88889f02e3?s=96&d=mm&r=g","height":96,"width":96}},"publisher":{"@type":"Organization","name":"iremi.cz","logo":{"@type":"ImageObject","@id":"\/logo.png","url":"\/logo.png","width":600,"height":60}},"image":null,"wordCount":281,"keywords":null},{"@type":"Article","@id":"https:\/\/www.iremi.cz\/prijmy-nekdy-nestaci\/","headline":"P\u0159\u00edjmy n\u011bkdy nesta\u010d\u00ed","url":"https:\/\/www.iremi.cz\/prijmy-nekdy-nestaci\/","datePublished":"2024-03-29","dateModified":"2024-03-29","mainEntityOfPage":"https:\/\/www.iremi.cz\/prijmy-nekdy-nestaci\/","author":{"@type":"Person","@id":"https:\/\/www.iremi.cz\/author\/#Person","name":"","url":"https:\/\/www.iremi.cz\/author\/","identifier":1,"image":{"@type":"ImageObject","@id":"https:\/\/secure.gravatar.com\/avatar\/f7b3e8bb7f7cc0c6ca940e74a10b952be4c7d81de8a980387c865f88889f02e3?s=96&d=mm&r=g","url":"https:\/\/secure.gravatar.com\/avatar\/f7b3e8bb7f7cc0c6ca940e74a10b952be4c7d81de8a980387c865f88889f02e3?s=96&d=mm&r=g","height":96,"width":96}},"publisher":{"@type":"Organization","name":"iremi.cz","logo":{"@type":"ImageObject","@id":"\/logo.png","url":"\/logo.png","width":600,"height":60}},"image":{"@type":"ImageObject","@id":"https:\/\/www.iremi.cz\/wp-content\/uploads\/ff_10_10_10_10.jpg","url":"https:\/\/www.iremi.cz\/wp-content\/uploads\/ff_10_10_10_10.jpg","height":0,"width":0},"wordCount":589,"keywords":null},{"@type":"Article","@id":"https:\/\/www.iremi.cz\/lze-mit-auto-na-splatky-bez-prijmu\/","headline":"Lze m\u00edt auto na spl\u00e1tky bez p\u0159\u00edjmu?","url":"https:\/\/www.iremi.cz\/lze-mit-auto-na-splatky-bez-prijmu\/","datePublished":"2024-02-26","dateModified":"2024-02-26","mainEntityOfPage":"https:\/\/www.iremi.cz\/lze-mit-auto-na-splatky-bez-prijmu\/","author":{"@type":"Person","@id":"https:\/\/www.iremi.cz\/author\/#Person","name":"","url":"https:\/\/www.iremi.cz\/author\/","identifier":1,"image":{"@type":"ImageObject","@id":"https:\/\/secure.gravatar.com\/avatar\/f7b3e8bb7f7cc0c6ca940e74a10b952be4c7d81de8a980387c865f88889f02e3?s=96&d=mm&r=g","url":"https:\/\/secure.gravatar.com\/avatar\/f7b3e8bb7f7cc0c6ca940e74a10b952be4c7d81de8a980387c865f88889f02e3?s=96&d=mm&r=g","height":96,"width":96}},"publisher":{"@type":"Organization","name":"iremi.cz","logo":{"@type":"ImageObject","@id":"\/logo.png","url":"\/logo.png","width":600,"height":60}},"image":{"@type":"ImageObject","@id":"https:\/\/www.iremi.cz\/wp-content\/uploads\/car-49278_1280_2.jpg","url":"https:\/\/www.iremi.cz\/wp-content\/uploads\/car-49278_1280_2.jpg","height":0,"width":0},"wordCount":786,"keywords":null},{"@type":"Article","@id":"https:\/\/www.iremi.cz\/proc-zvolit-autopujcovnu\/","headline":"Pro\u010d zvolit autop\u016fj\u010dovnu?","url":"https:\/\/www.iremi.cz\/proc-zvolit-autopujcovnu\/","datePublished":"2024-02-13","dateModified":"2024-02-13","mainEntityOfPage":"https:\/\/www.iremi.cz\/proc-zvolit-autopujcovnu\/","author":{"@type":"Person","@id":"https:\/\/www.iremi.cz\/author\/#Person","name":"","url":"https:\/\/www.iremi.cz\/author\/","identifier":1,"image":{"@type":"ImageObject","@id":"https:\/\/secure.gravatar.com\/avatar\/f7b3e8bb7f7cc0c6ca940e74a10b952be4c7d81de8a980387c865f88889f02e3?s=96&d=mm&r=g","url":"https:\/\/secure.gravatar.com\/avatar\/f7b3e8bb7f7cc0c6ca940e74a10b952be4c7d81de8a980387c865f88889f02e3?s=96&d=mm&r=g","height":96,"width":96}},"publisher":{"@type":"Organization","name":"iremi.cz","logo":{"@type":"ImageObject","@id":"\/logo.png","url":"\/logo.png","width":600,"height":60}},"image":{"@type":"ImageObject","@id":"https:\/\/www.iremi.cz\/wp-content\/uploads\/N%C3%A1vrh%20bez%20n%C3%A1zvu%20(33)_1.png","url":"https:\/\/www.iremi.cz\/wp-content\/uploads\/N%C3%A1vrh%20bez%20n%C3%A1zvu%20(33)_1.png","height":0,"width":0},"wordCount":585,"keywords":null},{"@type":"Article","@id":"https:\/\/www.iremi.cz\/ozdoba-pro-vase-dorty\/","headline":"Ozdoba pro Va\u0161e dorty","url":"https:\/\/www.iremi.cz\/ozdoba-pro-vase-dorty\/","datePublished":"2024-01-11","dateModified":"2024-01-11","mainEntityOfPage":"https:\/\/www.iremi.cz\/ozdoba-pro-vase-dorty\/","author":{"@type":"Person","@id":"https:\/\/www.iremi.cz\/author\/#Person","name":"","url":"https:\/\/www.iremi.cz\/author\/","identifier":1,"image":{"@type":"ImageObject","@id":"https:\/\/secure.gravatar.com\/avatar\/f7b3e8bb7f7cc0c6ca940e74a10b952be4c7d81de8a980387c865f88889f02e3?s=96&d=mm&r=g","url":"https:\/\/secure.gravatar.com\/avatar\/f7b3e8bb7f7cc0c6ca940e74a10b952be4c7d81de8a980387c865f88889f02e3?s=96&d=mm&r=g","height":96,"width":96}},"publisher":{"@type":"Organization","name":"iremi.cz","logo":{"@type":"ImageObject","@id":"\/logo.png","url":"\/logo.png","width":600,"height":60}},"image":null,"wordCount":294,"keywords":null},{"@type":"Article","@id":"https:\/\/www.iremi.cz\/cibetkova-kava-jako-vrchol-luxusu\/","headline":"Cibetkov\u00e1 k\u00e1va jako vrchol luxusu","url":"https:\/\/www.iremi.cz\/cibetkova-kava-jako-vrchol-luxusu\/","datePublished":"2023-12-04","dateModified":"2023-12-04","mainEntityOfPage":"https:\/\/www.iremi.cz\/cibetkova-kava-jako-vrchol-luxusu\/","author":{"@type":"Person","@id":"https:\/\/www.iremi.cz\/author\/#Person","name":"","url":"https:\/\/www.iremi.cz\/author\/","identifier":1,"image":{"@type":"ImageObject","@id":"https:\/\/secure.gravatar.com\/avatar\/f7b3e8bb7f7cc0c6ca940e74a10b952be4c7d81de8a980387c865f88889f02e3?s=96&d=mm&r=g","url":"https:\/\/secure.gravatar.com\/avatar\/f7b3e8bb7f7cc0c6ca940e74a10b952be4c7d81de8a980387c865f88889f02e3?s=96&d=mm&r=g","height":96,"width":96}},"publisher":{"@type":"Organization","name":"iremi.cz","logo":{"@type":"ImageObject","@id":"\/logo.png","url":"\/logo.png","width":600,"height":60}},"image":null,"wordCount":266,"keywords":null},{"@type":"Article","@id":"https:\/\/www.iremi.cz\/nejlepsi-drevovyroba-v-kutne-hore\/","headline":"Nejlep\u0161\u00ed d\u0159evov\u00fdroba v Kutn\u00e9 Ho\u0159e","url":"https:\/\/www.iremi.cz\/nejlepsi-drevovyroba-v-kutne-hore\/","datePublished":"2023-10-28","dateModified":"2023-10-28","mainEntityOfPage":"https:\/\/www.iremi.cz\/nejlepsi-drevovyroba-v-kutne-hore\/","author":{"@type":"Person","@id":"https:\/\/www.iremi.cz\/author\/#Person","name":"","url":"https:\/\/www.iremi.cz\/author\/","identifier":1,"image":{"@type":"ImageObject","@id":"https:\/\/secure.gravatar.com\/avatar\/f7b3e8bb7f7cc0c6ca940e74a10b952be4c7d81de8a980387c865f88889f02e3?s=96&d=mm&r=g","url":"https:\/\/secure.gravatar.com\/avatar\/f7b3e8bb7f7cc0c6ca940e74a10b952be4c7d81de8a980387c865f88889f02e3?s=96&d=mm&r=g","height":96,"width":96}},"publisher":{"@type":"Organization","name":"iremi.cz","logo":{"@type":"ImageObject","@id":"\/logo.png","url":"\/logo.png","width":600,"height":60}},"image":null,"wordCount":275,"keywords":null},{"@type":"Article","@id":"https:\/\/www.iremi.cz\/udelat-si-krasny-vecer\/","headline":"Ud\u011blat si kr\u00e1sn\u00fd ve\u010der","url":"https:\/\/www.iremi.cz\/udelat-si-krasny-vecer\/","datePublished":"2023-10-23","dateModified":"2023-11-29","mainEntityOfPage":"https:\/\/www.iremi.cz\/udelat-si-krasny-vecer\/","author":{"@type":"Person","@id":"https:\/\/www.iremi.cz\/author\/#Person","name":"","url":"https:\/\/www.iremi.cz\/author\/","identifier":1,"image":{"@type":"ImageObject","@id":"https:\/\/secure.gravatar.com\/avatar\/f7b3e8bb7f7cc0c6ca940e74a10b952be4c7d81de8a980387c865f88889f02e3?s=96&d=mm&r=g","url":"https:\/\/secure.gravatar.com\/avatar\/f7b3e8bb7f7cc0c6ca940e74a10b952be4c7d81de8a980387c865f88889f02e3?s=96&d=mm&r=g","height":96,"width":96}},"publisher":{"@type":"Organization","name":"iremi.cz","logo":{"@type":"ImageObject","@id":"\/logo.png","url":"\/logo.png","width":600,"height":60}},"image":{"@type":"ImageObject","@id":"https:\/\/www.iremi.cz\/wp-content\/uploads\/nougat-3078581_640.jpg","url":"https:\/\/www.iremi.cz\/wp-content\/uploads\/nougat-3078581_640.jpg","height":0,"width":0},"wordCount":521,"keywords":null},{"@type":"Article","@id":"https:\/\/www.iremi.cz\/jaky-mate-bazen\/","headline":"Jak\u00fd m\u00e1te baz\u00e9n?","url":"https:\/\/www.iremi.cz\/jaky-mate-bazen\/","datePublished":"2023-10-14","dateModified":"2023-10-14","mainEntityOfPage":"https:\/\/www.iremi.cz\/jaky-mate-bazen\/","author":{"@type":"Person","@id":"https:\/\/www.iremi.cz\/author\/#Person","name":"","url":"https:\/\/www.iremi.cz\/author\/","identifier":1,"image":{"@type":"ImageObject","@id":"https:\/\/secure.gravatar.com\/avatar\/f7b3e8bb7f7cc0c6ca940e74a10b952be4c7d81de8a980387c865f88889f02e3?s=96&d=mm&r=g","url":"https:\/\/secure.gravatar.com\/avatar\/f7b3e8bb7f7cc0c6ca940e74a10b952be4c7d81de8a980387c865f88889f02e3?s=96&d=mm&r=g","height":96,"width":96}},"publisher":{"@type":"Organization","name":"iremi.cz","logo":{"@type":"ImageObject","@id":"\/logo.png","url":"\/logo.png","width":600,"height":60}},"image":{"@type":"ImageObject","@id":"https:\/\/www.iremi.cz\/wp-content\/uploads\/pexels-vlada-karpovich-7902905_1.jpg","url":"https:\/\/www.iremi.cz\/wp-content\/uploads\/pexels-vlada-karpovich-7902905_1.jpg","height":0,"width":0},"wordCount":569,"keywords":null}]},{"@context":"https:\/\/schema.org","@type":"WebSite","@id":"https:\/\/www.iremi.cz\/#website","name":"Iremi","url":"https:\/\/www.iremi.cz","potentialAction":{"@type":"SearchAction","target":"https:\/\/www.iremi.cz\/?s={search_term_string}","query-input":"required name=search_term_string"}}]