[{"@context":"https:\/\/schema.org\/","@type":"Article","@id":"https:\/\/www.iremi.cz\/pro-dny-v-plnem-pohodli\/#Article","mainEntityOfPage":"https:\/\/www.iremi.cz\/pro-dny-v-plnem-pohodli\/","headline":"Pro dny, v pln\u00e9m pohodl\u00ed","name":"Pro dny, v pln\u00e9m pohodl\u00ed","description":"Pokud hled\u00e1te takov\u00e9 pomocn\u00edky do va\u0161ich firem i podnik\u016f, kter\u00e9 v\u00e1m u\u0161et\u0159\u00ed va\u0161i pr\u00e1ci, ale tak\u00e9 takov\u00e9, se kter\u00fdmi budete pracovat pohodln\u011b a bezpe\u010dn\u011b, v\u011b\u0159te, \u017ee jste velmi spr\u00e1vn\u011b. Jen na\u0161e reg\u00e1ly, v\u00e1m takov\u00e9 mo\u017enosti bezpe\u010dn\u00e9 a pohodln\u00e9 pr\u00e1ce nab\u00edzej\u00ed a to p\u0159esn\u011b v\u0161ude tam, kde jen budete cht\u00edt. Pro dny pln\u00e9 pohodl\u00ed, nen\u00ed nic [&hellip;]","datePublished":"2025-03-15","dateModified":"2025-03-15","author":{"@type":"Person","@id":"https:\/\/www.iremi.cz\/author\/#Person","name":"","url":"https:\/\/www.iremi.cz\/author\/","identifier":1,"image":{"@type":"ImageObject","@id":"https:\/\/secure.gravatar.com\/avatar\/f7b3e8bb7f7cc0c6ca940e74a10b952be4c7d81de8a980387c865f88889f02e3?s=96&d=mm&r=g","url":"https:\/\/secure.gravatar.com\/avatar\/f7b3e8bb7f7cc0c6ca940e74a10b952be4c7d81de8a980387c865f88889f02e3?s=96&d=mm&r=g","height":96,"width":96}},"publisher":{"@type":"Organization","name":"iremi.cz","logo":{"@type":"ImageObject","@id":"\/logo.png","url":"\/logo.png","width":600,"height":60}},"url":"https:\/\/www.iremi.cz\/pro-dny-v-plnem-pohodli\/","wordCount":179,"articleBody":"Pokud hled\u00e1te takov\u00e9 pomocn\u00edky do va\u0161ich firem i podnik\u016f, kter\u00e9 v\u00e1m u\u0161et\u0159\u00ed va\u0161i pr\u00e1ci, ale tak\u00e9 takov\u00e9, se kter\u00fdmi budete pracovat pohodln\u011b a bezpe\u010dn\u011b, v\u011b\u0159te, \u017ee jste velmi spr\u00e1vn\u011b. Jen na\u0161e reg\u00e1ly, v\u00e1m takov\u00e9 mo\u017enosti bezpe\u010dn\u00e9 a pohodln\u00e9 pr\u00e1ce nab\u00edzej\u00ed a to p\u0159esn\u011b v\u0161ude tam, kde jen budete cht\u00edt. Pro dny pln\u00e9 pohodl\u00ed, nen\u00ed nic v\u00fdhodn\u011bj\u0161\u00edho a skv\u011blej\u0161\u00edho, ne\u017e n\u00e1mi nab\u00edzen\u00e9 druhy praktick\u00fdch pomocn\u00edk\u016f.Pomohou v\u00e1m ve v\u0161ech situac\u00edchNa\u0161e nab\u00edzen\u00e9 reg\u00e1ly v\u00e1m pomohou, kdekoliv a kdykoliv jen budete cht\u00edt \u010di pot\u0159ebovat. Jen s n\u00e1mi a s na\u0161imi druhy t\u011bchto pomocn\u00edk\u016f, si u\u0161et\u0159\u00edte va\u0161i ka\u017edodenn\u00ed t\u011b\u017ekou pr\u00e1ci a to nejen ve skladech, firm\u00e1ch \u010di podnic\u00edch, ale v\u0161ude, kde jen budete cht\u00edt. Jsou velmi kvalitn\u00ed, a tak v\u00e1m jejich pomoc, dlouhou dobu dokonale poslou\u017e\u00ed.                                                                                                                                                                                                                                                                                                                                                                                        4\/5 - (1 vote)        "},{"@context":"https:\/\/schema.org\/","@type":"BreadcrumbList","itemListElement":[{"@type":"ListItem","position":1,"name":"Pro dny, v pln\u00e9m pohodl\u00ed","item":"https:\/\/www.iremi.cz\/pro-dny-v-plnem-pohodli\/#breadcrumbitem"}]}]