[{"@context":"https:\/\/schema.org\/","@type":"Article","@id":"https:\/\/www.iremi.cz\/proc-kojit-svoje-deti-co-nejdele\/#Article","mainEntityOfPage":"https:\/\/www.iremi.cz\/proc-kojit-svoje-deti-co-nejdele\/","headline":"Pro\u010d kojit svoje d\u011bti co nejd\u00e9le?","name":"Pro\u010d kojit svoje d\u011bti co nejd\u00e9le?","description":"I kdy\u017e maj\u00ed maminky obavy z toho, \u017ee po porodu budou muset kojit, stejn\u011b s t\u00edm tak n\u011bjak po\u010d\u00edtaj\u00ed. Najdou se i takov\u00e9, kter\u00e9 to prost\u011b nepodstupuj\u00ed, proto\u017ee maj\u00ed obavy o budouc\u00ed tvar sv\u00fdch \u0148ader \u010di jim prost\u011b v z\u00e1sad\u011b p\u0159ijde prakti\u010dt\u011bj\u0161\u00ed lahvi\u010dka s n\u00e1hradn\u00ed v\u00fd\u017eivou. Pokud v\u0161ak svoje d\u00edt\u011b kojit nechcete kv\u016fli n\u011bmu, ur\u010dit\u011b [&hellip;]","datePublished":"2019-06-08","dateModified":"2023-05-24","author":{"@type":"Person","@id":"https:\/\/www.iremi.cz\/author\/#Person","name":"","url":"https:\/\/www.iremi.cz\/author\/","identifier":1,"image":{"@type":"ImageObject","@id":"https:\/\/secure.gravatar.com\/avatar\/f7b3e8bb7f7cc0c6ca940e74a10b952be4c7d81de8a980387c865f88889f02e3?s=96&d=mm&r=g","url":"https:\/\/secure.gravatar.com\/avatar\/f7b3e8bb7f7cc0c6ca940e74a10b952be4c7d81de8a980387c865f88889f02e3?s=96&d=mm&r=g","height":96,"width":96}},"publisher":{"@type":"Organization","name":"iremi.cz","logo":{"@type":"ImageObject","@id":"\/logo.png","url":"\/logo.png","width":600,"height":60}},"image":{"@type":"ImageObject","@id":"https:\/\/www.iremi.cz\/wp-content\/uploads\/img_a346246_w2914_t1560165197.jpg","url":"https:\/\/www.iremi.cz\/wp-content\/uploads\/img_a346246_w2914_t1560165197.jpg","height":0,"width":0},"url":"https:\/\/www.iremi.cz\/proc-kojit-svoje-deti-co-nejdele\/","wordCount":468,"articleBody":"I kdy\u017e maj\u00ed maminky obavy z toho, \u017ee po porodu budou muset kojit, stejn\u011b s t\u00edm tak n\u011bjak po\u010d\u00edtaj\u00ed. Najdou se i takov\u00e9, kter\u00e9 to prost\u011b nepodstupuj\u00ed, proto\u017ee maj\u00ed obavy o budouc\u00ed tvar sv\u00fdch \u0148ader \u010di jim prost\u011b v z\u00e1sad\u011b p\u0159ijde prakti\u010dt\u011bj\u0161\u00ed lahvi\u010dka s n\u00e1hradn\u00ed v\u00fd\u017eivou. Pokud v\u0161ak svoje d\u00edt\u011b kojit nechcete kv\u016fli n\u011bmu, ur\u010dit\u011b se zamyslete nad t\u00edm, \u017ee to bude dobr\u00e9 pro v\u00e1s a va\u0161e zdrav\u00ed.Kojen\u00ed v\u00e1m m\u016f\u017ee zachr\u00e1nit \u017eivot!Pokud budete pln\u011b kojit sv\u00e9 drah\u00e9 d\u00edtko alespo\u0148 \u0161est prvn\u00edch m\u011bs\u00edc\u016f jeho \u017eivota, ur\u010dit\u011b ud\u011bl\u00e1te dob\u0159e, o \u010dem\u017e se z\u00e1hy p\u0159esv\u011bd\u010d\u00edte. Tento n\u00e1zor zast\u00e1v\u00e1 nejen p\u011bt lakta\u010dn\u00edch poradky\u0148 z p\u011bti, ale tak\u00e9 Sv\u011btov\u00e1 zdravotnick\u00e1 organizace a dal\u0161\u00ed t\u00fdmy v\u011bdc\u016f ze Spojen\u00fdch st\u00e1t\u016f americk\u00fdch.Na toto t\u00e9ma bylo vytvo\u0159eno ji\u017e nespo\u010det studi\u00ed, kte\u0159\u00ed jasn\u011b ukazuj\u00ed, \u017ee kojen\u00ed nem\u00e1 vliv pouze na kr\u00e1tkodob\u00fd zdravotn\u00ed stav d\u00edt\u011bte, ale tak\u00e9 je velmi pozitivn\u00ed pro d\u00edt\u011b z dlouhodob\u00e9ho hlediska. Krom\u011b toho m\u00e1 kojen\u00ed velmi v\u00fdrazn\u00fd vliv na psychickou pohodu a celkov\u011b du\u0161evn\u00ed zdrav\u00ed v\u0161ech maminek.T\u00fdmy, kter\u00e9 se v\u011bnuj\u00ed t\u00e9to problematice p\u0159esn\u011b uv\u00e1d\u00ed, \u017ee matky, kter\u00e9 pln\u011b kojily sv\u00e9 d\u011bti minim\u00e1ln\u011b p\u016fl roku od jejich narozen\u00ed, maj\u00ed o 70 procent men\u0161\u00ed pravd\u011bpodobnost, \u017ee je potk\u00e1 n\u011bjak\u00e9 z du\u0161evn\u00edch onemocn\u011bn\u00ed a vyhnou se jim dal\u0161\u00ed psychick\u00e9 obt\u00ed\u017ee.Studie tak\u00e9 ukazuje, \u017ee pokud \u017eena m\u00e1 v\u00edce d\u011bt\u00ed, kter\u00e9 tedy koj\u00ed tak\u00e9 pln\u011b alespo\u0148 \u0161est m\u011bs\u00edc\u016f, v\u00fdsledky jsou lep\u0161\u00ed, tedy pravd\u011bpodobnost psychick\u00fdch poruch se v\u00fdrazn\u011b sni\u017euje. Anal\u00fdza pracovala s v\u00edce ne\u017e dvan\u00e1cti tis\u00edci \u017een, kter\u00e9 byly star\u0161\u00ed ne\u017e pades\u00e1t let.Riziko posti\u017een\u00ed matky depresemi kles\u00e1 o 29 procent s ka\u017ed\u00fdm kojen\u00fdm d\u00edt\u011btem a s ka\u017ed\u00fdm dal\u0161\u00edm rokem kojen\u00ed kles\u00e1 p\u0159ibli\u017en\u011b o deset procent. Studie tak\u00e9 prok\u00e1zala, \u017ee \u017eeny, kter\u00e9 kojily alespo\u0148 47 m\u011bs\u00edc\u016f, jsou posti\u017eeny psychick\u00fdmi obt\u00ed\u017eemi o 67 procent m\u00e9n\u011b ve srovn\u00e1n\u00ed s t\u011bmi, kter\u00e9 kojily m\u00e9n\u011b ne\u017e dva roky.Samoz\u0159ejm\u011b nejen psychick\u00e9 poruchy maj\u00ed v\u00e1hu p\u0159i rozhodov\u00e1n\u00ed o tom, zda kojit \u010di nikoli. Celkov\u011b kojen\u00ed d\u011bt\u00ed p\u0159in\u00e1\u0161\u00ed mamink\u00e1m pohodu, proto\u017ee se p\u0159i tomto aktu matky s d\u00edt\u011btem uvol\u0148uje do \u017eensk\u00e9ho t\u011bla hormon oxytocin, kter\u00fd pom\u00e1h\u00e1 redukovat hladinu stresu. Takov\u00e9 koj\u00edc\u00ed maminky jsou pak klidn\u00e9, vyrovnan\u00e9, a hlavn\u011b l\u00e9pe sp\u00ed.                                                                                                                                                                                                                                                                                                                                                                                        3.8\/5 - (12 votes)        "},{"@context":"https:\/\/schema.org\/","@type":"BreadcrumbList","itemListElement":[{"@type":"ListItem","position":1,"name":"Pro\u010d kojit svoje d\u011bti co nejd\u00e9le?","item":"https:\/\/www.iremi.cz\/proc-kojit-svoje-deti-co-nejdele\/#breadcrumbitem"}]}]