[{"@context":"https:\/\/schema.org\/","@type":"Article","@id":"https:\/\/www.iremi.cz\/registrace-do-katalogu\/#Article","mainEntityOfPage":"https:\/\/www.iremi.cz\/registrace-do-katalogu\/","headline":"Registrace do katalog\u016f","name":"Registrace do katalog\u016f","description":"Jak b\u00fdt l\u00e9pe nach\u00e1zen na webov\u00fdch str\u00e1nk\u00e1ch, jak b\u00fdt l\u00e9pe vid\u011bt a b\u00fdt rychle a jednodu\u0161e vyhled\u00e1v\u00e1n? Tohle sami asi nezvl\u00e1dnete, pokud o tom tedy nebudete v\u011bd\u011bt v\u00edce. D\u016fle\u017eit\u00fdm odkazem pro v\u00e1s jsou registrace do katalog\u016f. V\u016fbec nevad\u00ed, \u017ee se v tomto oboru neorientujete. Hlavn\u011b \u017ee v\u00edte, kam nebo na koho se obr\u00e1tit, aby v\u00e1m [&hellip;]","datePublished":"2025-04-29","dateModified":"2025-04-29","author":{"@type":"Person","@id":"https:\/\/www.iremi.cz\/author\/#Person","name":"","url":"https:\/\/www.iremi.cz\/author\/","identifier":1,"image":{"@type":"ImageObject","@id":"https:\/\/secure.gravatar.com\/avatar\/f7b3e8bb7f7cc0c6ca940e74a10b952be4c7d81de8a980387c865f88889f02e3?s=96&d=mm&r=g","url":"https:\/\/secure.gravatar.com\/avatar\/f7b3e8bb7f7cc0c6ca940e74a10b952be4c7d81de8a980387c865f88889f02e3?s=96&d=mm&r=g","height":96,"width":96}},"publisher":{"@type":"Organization","name":"iremi.cz","logo":{"@type":"ImageObject","@id":"\/logo.png","url":"\/logo.png","width":600,"height":60}},"url":"https:\/\/www.iremi.cz\/registrace-do-katalogu\/","wordCount":168,"articleBody":"Jak b\u00fdt l\u00e9pe nach\u00e1zen na webov\u00fdch str\u00e1nk\u00e1ch, jak b\u00fdt l\u00e9pe vid\u011bt a b\u00fdt rychle a jednodu\u0161e vyhled\u00e1v\u00e1n? Tohle sami asi nezvl\u00e1dnete, pokud o tom tedy nebudete v\u011bd\u011bt v\u00edce. D\u016fle\u017eit\u00fdm odkazem pro v\u00e1s jsou registrace do katalog\u016f.V\u016fbec nevad\u00ed, \u017ee se v tomto oboru neorientujete. Hlavn\u011b \u017ee v\u00edte, kam nebo na koho se obr\u00e1tit, aby v\u00e1m zajistil jasn\u011bj\u0161\u00ed a c\u00edlen\u011bj\u0161\u00ed propagaci, kterou je pr\u00e1v\u011b um\u00edst\u011bn\u00ed a registrace do katalog\u016f.Vymo\u017eenosti sou\u010dasn\u00e9 dobyNajd\u011bte si cen\u00edk registrace do katalog\u016f a uve\u010fte v\u0161echny d\u016fle\u017eit\u00e9 \u00fadaje a popt\u00e1vku do objedn\u00e1vky v\u00e1mi vybran\u00fdch produkt\u016f. Rad\u011bji si v\u0161e podrobn\u011b prostudujte, abyste nic neopomn\u011bli a objednali si v\u0161e, co bude t\u0159eba a co bude hlavn\u011b v\u00fdhodn\u00e9 pro zviditeln\u011bn\u00ed va\u0161eho podnikatelsk\u00e9ho z\u00e1m\u011bru.                                                                                                                                                                                                                                                                                                                                                                                                "},{"@context":"https:\/\/schema.org\/","@type":"BreadcrumbList","itemListElement":[{"@type":"ListItem","position":1,"name":"Registrace do katalog\u016f","item":"https:\/\/www.iremi.cz\/registrace-do-katalogu\/#breadcrumbitem"}]}]