[{"@context":"https:\/\/schema.org\/","@type":"Article","@id":"https:\/\/www.iremi.cz\/zarizujete-obyvaci-pokoj\/#Article","mainEntityOfPage":"https:\/\/www.iremi.cz\/zarizujete-obyvaci-pokoj\/","headline":"Za\u0159izujete ob\u00fdvac\u00ed pokoj?","name":"Za\u0159izujete ob\u00fdvac\u00ed pokoj?","description":"O sv\u00e9 nov\u00e9 sedac\u00ed souprav\u011b u\u017e m\u00e1te ur\u010dit\u011b jasnou p\u0159edstavu. Ale co kdy\u017e vysn\u011bn\u00e1 souprava na trhu nebude? Jste ochotni slevit ze sv\u00fdch po\u017eadavk\u016f a p\u0159izp\u016fsobit se trhu? Budete \u010dekat, a\u017e se objev\u00ed v\u00e1mi po\u017eadovan\u00e1 sestava v prodejn\u00e1ch? Nebojte se, nic takov\u00e9ho se nestane, \u010dekat na nic nebudete, nebo\u0165 prodejci n\u00e1bytku v\u0161echny va\u0161e po\u017eadavky uspokoj\u00ed [&hellip;]","datePublished":"2017-11-16","dateModified":"2023-05-24","author":{"@type":"Person","@id":"https:\/\/www.iremi.cz\/author\/#Person","name":"","url":"https:\/\/www.iremi.cz\/author\/","identifier":1,"image":{"@type":"ImageObject","@id":"https:\/\/secure.gravatar.com\/avatar\/f7b3e8bb7f7cc0c6ca940e74a10b952be4c7d81de8a980387c865f88889f02e3?s=96&d=mm&r=g","url":"https:\/\/secure.gravatar.com\/avatar\/f7b3e8bb7f7cc0c6ca940e74a10b952be4c7d81de8a980387c865f88889f02e3?s=96&d=mm&r=g","height":96,"width":96}},"publisher":{"@type":"Organization","name":"iremi.cz","logo":{"@type":"ImageObject","@id":"\/logo.png","url":"\/logo.png","width":600,"height":60}},"image":{"@type":"ImageObject","@id":"https:\/\/www.iremi.cz\/wp-content\/uploads\/img_a304130_w1893_t1515094733.jpg","url":"https:\/\/www.iremi.cz\/wp-content\/uploads\/img_a304130_w1893_t1515094733.jpg","height":0,"width":0},"url":"https:\/\/www.iremi.cz\/zarizujete-obyvaci-pokoj\/","about":["D\u016fm a byt"],"wordCount":464,"articleBody":"  O sv\u00e9 nov\u00e9 sedac\u00ed souprav\u011b u\u017e m\u00e1te ur\u010dit\u011b jasnou p\u0159edstavu. Ale co kdy\u017e vysn\u011bn\u00e1 souprava na trhu nebude? Jste ochotni slevit ze sv\u00fdch po\u017eadavk\u016f a p\u0159izp\u016fsobit se trhu? Budete \u010dekat, a\u017e se objev\u00ed v\u00e1mi po\u017eadovan\u00e1 sestava v prodejn\u00e1ch? Nebojte se, nic takov\u00e9ho se nestane, \u010dekat na nic nebudete, nebo\u0165 prodejci n\u00e1bytku v\u0161echny va\u0161e po\u017eadavky uspokoj\u00ed ihned, anebo ve velmi kr\u00e1tk\u00e9 dob\u011b. P\u0159ed vlastn\u00ed koup\u00ed je t\u0159eba sepsat si v\u0161echny parametry \u2013 \u0161\u00ed\u0159ku, d\u00e9lku a v\u00fd\u0161ku sedac\u00ed soupravy, jej\u00ed velikost v rozlo\u017een\u00e9m stavu a v p\u0159\u00edpad\u011b, \u017ee vol\u00edte seda\u010dku rohovou, pak ur\u010dit prav\u00fd \u010di lev\u00fd roh \u2013 to v\u0161e podle va\u0161eho interi\u00e9ru. D\u00e1le pak se mus\u00edte &#8211; u\u017e podle vlastn\u00edho uv\u00e1\u017een\u00ed \u2013 rozhodnout o materi\u00e1lu, barv\u011b, konstrukci, a tak\u00e9 o tom, bude-li seda\u010dka ur\u010den\u00e1 pro ka\u017edodenn\u00ed span\u00ed, nebo jen pro ob\u010dasn\u00e9 p\u0159esp\u00e1n\u00ed.Rozkl\u00e1dac\u00ed sedac\u00ed soupravys \u00falo\u017en\u00fdm prostorem m\u016f\u017eete vyb\u00edrat z mnoha model\u016f a typ\u016f. \u00dalo\u017en\u00fd prostor je obvykle um\u00edst\u011bn pod sed\u00e1kem nebo v op\u011bradle pohovky. Souprava m\u016f\u017ee m\u00edt seda\u010dku plus dv\u011b k\u0159esla, m\u016f\u017ee b\u00fdt v proveden\u00ed trojseda\u010dka, dvouseda\u010dka a k\u0159eslo a ji\u017e zm\u00edn\u011bn\u00e1 rohov\u00e1 seda\u010dka, o n\u00ed\u017e uva\u017eujte, m\u00e1te-li ve sv\u00e9m byt\u011b dostatek prostoru. Pak je tu je\u0161t\u011b modern\u00ed sedac\u00ed souprava v proveden\u00ed do U \u2013 ta u\u017e je dostate\u010dn\u011b prostorn\u00e1 pro celou rodinu, ale pozor \u2013 zabere pom\u011brn\u011b velkou \u010d\u00e1st m\u00edstnosti. Tyto v\u0161echny druhy souprav se vyr\u00e1b\u00ed v rozkl\u00e1dac\u00edm proveden\u00ed s \u00falo\u017en\u00fdm prostorem, co\u017e je velkou v\u00fdhodou \u2013 ulo\u017e\u00edte pe\u0159iny, deky a dal\u0161\u00ed l\u016f\u017ekoviny a p\u0159itom ji\u017e nepot\u0159ebujete pe\u0159in\u00e1\u010d, kter\u00fd by se ji\u017e mo\u017en\u00e1 do pokoje ani neve\u0161el. Sedac\u00ed \u010d\u00e1st b\u00fdv\u00e1 vyrobena z kvalitn\u00ed polyuretanov\u00e9 p\u011bny, mnohdy v kombinaci s pru\u017einami. Seda\u010dky mohou b\u00fdt na kovov\u00fdch \u010di d\u0159ev\u011bn\u00fdch no\u017ei\u010dk\u00e1ch, ale mohou m\u00edt tak\u00e9 celod\u0159ev\u011bnou konstrukci s takzvan\u00fdm soklem. Proveden\u00ed m\u016f\u017ee b\u00fdt od modern\u00edho a\u017e po starobyl\u00fd rustik\u00e1ln\u00ed styl, s masivn\u00edmi bo\u010dn\u00edmi op\u011bradly \u010di bez nich. V\u00fdb\u011br potah\u016f je zna\u010dn\u00fd, a\u0165 u\u017e se t\u00fdk\u00e1 materi\u00e1l\u016f, barev i vzor\u016f. M\u016f\u017ee to b\u00fdt k\u016f\u017ee i ko\u017eenka, textiln\u00ed potahy, jednobarevn\u00e9 nebo vzorovan\u00e9. Kdy\u017e dob\u0159e vyberete, bude pak seda\u010dka va\u0161\u00edm dobr\u00fdm spole\u010dn\u00edkem p\u0159i tr\u00e1ven\u00ed voln\u00e9ho \u010dasu s rodinou, p\u0159i sledov\u00e1n\u00ed televize i na span\u00ed.                                                                                                                                                                                                                                                                                                                                                                                         4.5\/5 - (4 votes)        "},{"@context":"https:\/\/schema.org\/","@type":"BreadcrumbList","itemListElement":[{"@type":"ListItem","position":1,"name":"Za\u0159izujete ob\u00fdvac\u00ed pokoj?","item":"https:\/\/www.iremi.cz\/zarizujete-obyvaci-pokoj\/#breadcrumbitem"}]}]