[{"@context":"https:\/\/schema.org\/","@type":"Article","@id":"https:\/\/www.iremi.cz\/ztrata-zraku-na-zkousku\/#Article","mainEntityOfPage":"https:\/\/www.iremi.cz\/ztrata-zraku-na-zkousku\/","headline":"Ztr\u00e1ta zraku na zkou\u0161ku","name":"Ztr\u00e1ta zraku na zkou\u0161ku","description":"V tomto \u010dl\u00e1nku nenajdete \u017e\u00e1dn\u00e9 l\u00e9ka\u0159sk\u00e9 term\u00edny, ani nau\u010den\u00e9 kli\u0161\u00e9, co dokto\u0159i \u0159\u00edkaj\u00ed, aby v\u00e1s uklidnili. Je to kr\u00e1tk\u00fd n\u00e1hled na \u017eivot oby\u010dejn\u00e9ho \u010dlov\u011bka, kter\u00fd b\u011bhem ne\u0161\u0165astn\u00e9ho \u00farazu p\u0159ijde na \u010das o zrak. O zrak na lev\u00e9m oku.\u00a0 Na p\u00e1r des\u00edtek hodin. U\u017e i takto kr\u00e1tk\u00e1 zku\u0161enost, v\u00e1m zcela prom\u011bn\u00ed n\u00e1hled na \u017eivot. Posu\u010fte sami [&hellip;]","datePublished":"2019-10-27","dateModified":"2019-10-27","author":{"@type":"Person","@id":"https:\/\/www.iremi.cz\/author\/#Person","name":"","url":"https:\/\/www.iremi.cz\/author\/","identifier":1,"image":{"@type":"ImageObject","@id":"https:\/\/secure.gravatar.com\/avatar\/f7b3e8bb7f7cc0c6ca940e74a10b952be4c7d81de8a980387c865f88889f02e3?s=96&d=mm&r=g","url":"https:\/\/secure.gravatar.com\/avatar\/f7b3e8bb7f7cc0c6ca940e74a10b952be4c7d81de8a980387c865f88889f02e3?s=96&d=mm&r=g","height":96,"width":96}},"publisher":{"@type":"Organization","name":"iremi.cz","logo":{"@type":"ImageObject","@id":"\/logo.png","url":"\/logo.png","width":600,"height":60}},"image":{"@type":"ImageObject","@id":"https:\/\/www.iremi.cz\/wp-content\/uploads\/img_a357925_w3112_t1572267695.jpg","url":"https:\/\/www.iremi.cz\/wp-content\/uploads\/img_a357925_w3112_t1572267695.jpg","height":0,"width":0},"url":"https:\/\/www.iremi.cz\/ztrata-zraku-na-zkousku\/","about":["Zdrav\u00ed"],"wordCount":514,"articleBody":"\tV tomto \u010dl\u00e1nku nenajdete \u017e\u00e1dn\u00e9 l\u00e9ka\u0159sk\u00e9 term\u00edny, ani nau\u010den\u00e9 kli\u0161\u00e9, co dokto\u0159i \u0159\u00edkaj\u00ed, aby v\u00e1s uklidnili. Je to kr\u00e1tk\u00fd n\u00e1hled na \u017eivot oby\u010dejn\u00e9ho \u010dlov\u011bka, kter\u00fd b\u011bhem ne\u0161\u0165astn\u00e9ho \u00farazu p\u0159ijde na \u010das o zrak. O zrak na lev\u00e9m oku.\u00a0 Na p\u00e1r des\u00edtek hodin. U\u017e i takto kr\u00e1tk\u00e1 zku\u0161enost, v\u00e1m zcela prom\u011bn\u00ed n\u00e1hled na \u017eivot. Posu\u010fte sami z vypr\u00e1v\u011bn\u00ed tohoto \u010dlov\u00ed\u010dka.\t\u00a0\t&#8222;Po t\u011b\u017eko uv\u011b\u0159iteln\u00e9m okam\u017eiku, jsem m\u011bl po\u0161kr\u00e1banou rohovku na jedn\u00e9 t\u0159etin\u011b povrchu lev\u00e9ho oka (jak se pozd\u011bji p\u0159i vy\u0161et\u0159en\u00ed uk\u00e1zalo). N\u011bkolik des\u00edtek hodin jsem byl t\u00e9m\u011b\u0159 slep\u00fd na lev\u00e9 oko. T\u00edm slep\u00fd nemysl\u00edm, \u017ee vid\u00edte \u010derno, jak by se mohlo zd\u00e1t. Ve skute\u010dnosti vid\u00edte b\u00edlou mlhovinu a t\u011bsn\u011b p\u0159ed v\u00e1ma se vyno\u0159uj\u00ed \u010dern\u00e9 st\u00edny nebo obrysy.\tV\u0161echny ostatn\u00ed smysly se jakoby n\u011bkolikan\u00e1sobn\u011b zes\u00edl\u00ed. Soust\u0159ed\u00edte se hodn\u011b siln\u011b na tyto smysly a jen st\u011b\u017e\u00ed dok\u00e1\u017eete vn\u00edmat, co se d\u011bje ve va\u0161\u00ed bezprost\u0159edn\u00ed bl\u00edzkosti. Aby tak\u00e9 ano, kdy\u017e v\u011bdom\u00e1 \u010d\u00e1st mozku pracuje p\u0159ev\u00e1\u017en\u011b s podm\u011bty, kter\u00e9 mu pos\u00edl\u00e1 zrak. Ka\u017ed\u00fdm dnem se m\u016fj zrak pomali\u010dku zlep\u0161oval. Po t\u00fddnu, na kontrole v nemocnici se zjistilo, \u017ee r\u00e1ny na rohovce se zacelily hrbolat\u011b, co\u017e vyvol\u00e1valo pocit p\u00edch\u00e1n\u00ed \u0161pendl\u00edku do oka po n\u011bkolik n\u00e1sleduj\u00edc\u00edch m\u011bs\u00edc\u016f. S t\u00edm jsem p\u0159i\u0161el i o perifern\u00ed vid\u011bn\u00ed. Na n\u011bkolik m\u011bs\u00edc\u016f. M\u00e1 to i svou v\u00fdhodu. Nest\u00edh\u00e1te vn\u00edmat chaos a zmatek, co se odehr\u00e1v\u00e1 kolem v\u00e1s. Po posledn\u00edch dnech, kdy oko za\u010dalo pravideln\u011b p\u00e1lit jsem znovu za\u010dal pou\u017e\u00edvat um\u011bl\u00e9 slzy.\t\tNajednou, jako bych m\u011bl v oku zrnko p\u00edsku. Sna\u017e\u00edm se ho dostat ven, a kdy\u017e se mi to kone\u010dn\u011b poda\u0159ilo, zjistil jsem, \u017ee je n\u011bco jinak. Najednou kolem m\u011b bylo v\u00edce sv\u011btla. Najednou se kolem m\u011b m\u00edhaj\u00ed lid\u00e9 a p\u0159edm\u011bty. Perifern\u00ed vid\u011bn\u00ed se mi vr\u00e1tilo. Poc\u00edtil jsem euforii, obrovsk\u00fd vd\u011bk a p\u0159\u00edliv pocitu nepopsateln\u00e9ho \u0161t\u011bst\u00ed. Zase norm\u00e1ln\u011b vid\u00edm! Trvalo to v\u00edce ne\u017e p\u011bt m\u011bs\u00edc\u016f. Myslel jsem, \u017ee u\u017e je to napo\u0159\u00e1d.&#8220;\t\u00a0\tT\u00edmto bych cht\u011bl slo\u017eit poklonu v\u0161em nevidom\u00fdm lidem, proto\u017ee \u017e\u00edt takov\u00fd \u017eivot, mus\u00ed b\u00fdt hodn\u011b n\u00e1ro\u010dn\u00e9 a pro n\u00e1s nep\u0159edstaviteln\u00e9, dokud to neokus\u00edme na vlastn\u00ed k\u016f\u017ei. Je d\u016fle\u017eit\u00e9 v\u00e1\u017eit si toho, co m\u00e1me a b\u00fdt za to vd\u011b\u010dn\u00fd. Proto\u017ee nic netrv\u00e1 v\u011b\u010dn\u011b a sta\u010d\u00ed jenom zlomek vte\u0159iny a v\u0161echno m\u016f\u017ee b\u00fdt \u00fapln\u011b jinak.\u00a0                                                                                                                                                                                                                                                                                                                                                                                        4.5\/5 - (2 votes)        "},{"@context":"https:\/\/schema.org\/","@type":"BreadcrumbList","itemListElement":[{"@type":"ListItem","position":1,"name":"Ztr\u00e1ta zraku na zkou\u0161ku","item":"https:\/\/www.iremi.cz\/ztrata-zraku-na-zkousku\/#breadcrumbitem"}]}]